{"id":3502,"date":"2024-05-28T15:32:27","date_gmt":"2024-05-28T18:32:27","guid":{"rendered":"https:\/\/spangenberg-caba.infd.edu.ar\/sitio\/?p=3502"},"modified":"2024-05-28T15:35:17","modified_gmt":"2024-05-28T18:35:17","slug":"feliz-dia-de-los-jardines-de-infantes","status":"publish","type":"post","link":"https:\/\/spangenberg-caba.infd.edu.ar\/sitio\/feliz-dia-de-los-jardines-de-infantes\/","title":{"rendered":"\u00a1FELIZ D\u00cdA DE LOS JARDINES DE INFANTES!"},"content":{"rendered":"\n<p>Seg\u00fan la Ley N.\u00ba 4817-CABA-13, los 28 de mayo, se celebra el d\u00eda de los Jardines de Infantes en toda la Ciudad Aut\u00f3noma de Buenos Aires. <\/p>\n\n\n\n<p>Como no pod\u00eda ser de otra manera, el Nivel Inicial de nuestra instituci\u00f3n organiz\u00f3 un festejo con comida rica, mucha m\u00fasica y \u00abzapatos divertidos\u00bb. \u00a1Fue una fiesta! Compartimos algunas im\u00e1genes de la celebraci\u00f3n:<\/p>\n\n\n\n<div class=\"wp-block-group is-layout-constrained\"><div class=\"wp-block-group__inner-container\">\n<figure class=\"wp-block-gallery has-nested-images columns-default is-cropped wp-block-gallery-1 is-layout-flex\">\n<figure class=\"wp-block-image size-large\"><img decoding=\"async\" loading=\"lazy\" width=\"899\" height=\"899\" src=\"https:\/\/spangenberg-caba.infd.edu.ar\/sitio\/wp-content\/uploads\/2024\/05\/WhatsApp-Image-2024-05-28-at-10.32.17-edited.jpeg\" alt=\"\" class=\"wp-image-3508\" srcset=\"https:\/\/spangenberg-caba.infd.edu.ar\/sitio\/wp-content\/uploads\/2024\/05\/WhatsApp-Image-2024-05-28-at-10.32.17-edited.jpeg 899w, https:\/\/spangenberg-caba.infd.edu.ar\/sitio\/wp-content\/uploads\/2024\/05\/WhatsApp-Image-2024-05-28-at-10.32.17-edited-500x500.jpeg 500w, https:\/\/spangenberg-caba.infd.edu.ar\/sitio\/wp-content\/uploads\/2024\/05\/WhatsApp-Image-2024-05-28-at-10.32.17-edited-768x768.jpeg 768w\" sizes=\"(max-width: 899px) 100vw, 899px\" \/><\/figure>\n\n\n\n<figure class=\"wp-block-image size-thumbnail\"><img decoding=\"async\" loading=\"lazy\" width=\"500\" height=\"500\" src=\"https:\/\/spangenberg-caba.infd.edu.ar\/sitio\/wp-content\/uploads\/2024\/05\/WhatsApp-Image-2024-05-28-at-10.32.17-1-edited-500x500.jpeg\" alt=\"\" class=\"wp-image-3505\" srcset=\"https:\/\/spangenberg-caba.infd.edu.ar\/sitio\/wp-content\/uploads\/2024\/05\/WhatsApp-Image-2024-05-28-at-10.32.17-1-edited-500x500.jpeg 500w, https:\/\/spangenberg-caba.infd.edu.ar\/sitio\/wp-content\/uploads\/2024\/05\/WhatsApp-Image-2024-05-28-at-10.32.17-1-edited-768x768.jpeg 768w, https:\/\/spangenberg-caba.infd.edu.ar\/sitio\/wp-content\/uploads\/2024\/05\/WhatsApp-Image-2024-05-28-at-10.32.17-1-edited.jpeg 899w\" sizes=\"(max-width: 500px) 100vw, 500px\" \/><\/figure>\n<\/figure>\n<\/div><\/div>\n","protected":false},"excerpt":{"rendered":"<p>Seg\u00fan la Ley N.\u00ba 4817-CABA-13, los 28 de mayo, se celebra el d\u00eda de los Jardines de Infantes en toda la Ciudad Aut\u00f3noma de Buenos Aires. Como no pod\u00eda ser de otra manera, el Nivel Inicial de nuestra instituci\u00f3n organiz\u00f3 un festejo con comida rica, mucha m\u00fasica y \u00abzapatos divertidos\u00bb. \u00a1Fue una fiesta! Compartimos algunas &#8230; <a title=\"\u00a1FELIZ D\u00cdA DE LOS JARDINES DE INFANTES!\" class=\"read-more\" href=\"https:\/\/spangenberg-caba.infd.edu.ar\/sitio\/feliz-dia-de-los-jardines-de-infantes\/\" aria-label=\"More on \u00a1FELIZ D\u00cdA DE LOS JARDINES DE INFANTES!\">[+]<\/a><\/p>\n","protected":false},"author":1749,"featured_media":0,"comment_status":"open","ping_status":"open","sticky":false,"template":"","format":"standard","meta":[],"categories":[1],"tags":[],"acf":[],"_links":{"self":[{"href":"https:\/\/spangenberg-caba.infd.edu.ar\/sitio\/wp-json\/wp\/v2\/posts\/3502"}],"collection":[{"href":"https:\/\/spangenberg-caba.infd.edu.ar\/sitio\/wp-json\/wp\/v2\/posts"}],"about":[{"href":"https:\/\/spangenberg-caba.infd.edu.ar\/sitio\/wp-json\/wp\/v2\/types\/post"}],"author":[{"embeddable":true,"href":"https:\/\/spangenberg-caba.infd.edu.ar\/sitio\/wp-json\/wp\/v2\/users\/1749"}],"replies":[{"embeddable":true,"href":"https:\/\/spangenberg-caba.infd.edu.ar\/sitio\/wp-json\/wp\/v2\/comments?post=3502"}],"version-history":[{"count":3,"href":"https:\/\/spangenberg-caba.infd.edu.ar\/sitio\/wp-json\/wp\/v2\/posts\/3502\/revisions"}],"predecessor-version":[{"id":3510,"href":"https:\/\/spangenberg-caba.infd.edu.ar\/sitio\/wp-json\/wp\/v2\/posts\/3502\/revisions\/3510"}],"wp:attachment":[{"href":"https:\/\/spangenberg-caba.infd.edu.ar\/sitio\/wp-json\/wp\/v2\/media?parent=3502"}],"wp:term":[{"taxonomy":"category","embeddable":true,"href":"https:\/\/spangenberg-caba.infd.edu.ar\/sitio\/wp-json\/wp\/v2\/categories?post=3502"},{"taxonomy":"post_tag","embeddable":true,"href":"https:\/\/spangenberg-caba.infd.edu.ar\/sitio\/wp-json\/wp\/v2\/tags?post=3502"}],"curies":[{"name":"wp","href":"https:\/\/api.w.org\/{rel}","templated":true}]}}