{"id":3599,"date":"2024-08-20T16:59:10","date_gmt":"2024-08-20T19:59:10","guid":{"rendered":"https:\/\/spangenberg-caba.infd.edu.ar\/sitio\/?p=3599"},"modified":"2024-08-20T17:03:34","modified_gmt":"2024-08-20T20:03:34","slug":"30-anos-del-taller-onu-en-el-lenguitas","status":"publish","type":"post","link":"https:\/\/spangenberg-caba.infd.edu.ar\/sitio\/30-anos-del-taller-onu-en-el-lenguitas\/","title":{"rendered":"30 A\u00d1OS DEL TALLER ONU EN EL LENG\u00dcITAS"},"content":{"rendered":"\n<p>En el Palacio de la\u00a0<strong>Legislatura de la Ciudad de Buenos Aires, <\/strong>ayer y hoy, realizamos un encuentro en el que presentamos el modelo interno\u00a0del Taller ONU que funciona en nuestra escuela. Participaron estudiantes de escuelas invitadas, ex alumnos del Taller ONU y las profesoras fundadoras del taller.\u00a0<\/p>\n\n\n\n<p>El lema del encuentro fue&nbsp;agradecer a los estudiantes que estuvieron antes el legado que han dejado a los estudiantes actuales, el cual ha sido un puente, donde los y las estudiantes, no solo aprendieron de geopol\u00edtica internacional y de problem\u00e1ticas&nbsp;contempor\u00e1neas, sino que encontraron un espacio que los abraz\u00f3, les ense\u00f1\u00f3 a expresarse, a argumentar, a pensar libremente y por sobre todo lo dem\u00e1s, a ser ciudadanos globales.&nbsp;<\/p>\n\n\n\n<p>Compartimos im\u00e1genes de este evento que nos llena de orgullo:<\/p>\n\n\n\n<figure class=\"wp-block-gallery has-nested-images columns-default is-cropped wp-block-gallery-1 is-layout-flex\">\n<figure class=\"wp-block-image size-large\"><img decoding=\"async\" loading=\"lazy\" width=\"960\" height=\"1280\" data-id=\"3600\"  src=\"https:\/\/spangenberg-caba.infd.edu.ar\/sitio\/wp-content\/uploads\/2024\/08\/WhatsApp-Image-2024-08-19-at-17.01.56.jpeg\" alt=\"\" class=\"wp-image-3600\" srcset=\"https:\/\/spangenberg-caba.infd.edu.ar\/sitio\/wp-content\/uploads\/2024\/08\/WhatsApp-Image-2024-08-19-at-17.01.56.jpeg 960w, https:\/\/spangenberg-caba.infd.edu.ar\/sitio\/wp-content\/uploads\/2024\/08\/WhatsApp-Image-2024-08-19-at-17.01.56-750x1000.jpeg 750w, https:\/\/spangenberg-caba.infd.edu.ar\/sitio\/wp-content\/uploads\/2024\/08\/WhatsApp-Image-2024-08-19-at-17.01.56-768x1024.jpeg 768w\" sizes=\"(max-width: 960px) 100vw, 960px\" \/><\/figure>\n\n\n\n<figure class=\"wp-block-image size-large\"><img decoding=\"async\" loading=\"lazy\" width=\"720\" height=\"1280\" data-id=\"3602\"  src=\"https:\/\/spangenberg-caba.infd.edu.ar\/sitio\/wp-content\/uploads\/2024\/08\/WhatsApp-Image-2024-08-19-at-17.01.50.jpeg\" alt=\"\" class=\"wp-image-3602\" srcset=\"https:\/\/spangenberg-caba.infd.edu.ar\/sitio\/wp-content\/uploads\/2024\/08\/WhatsApp-Image-2024-08-19-at-17.01.50.jpeg 720w, https:\/\/spangenberg-caba.infd.edu.ar\/sitio\/wp-content\/uploads\/2024\/08\/WhatsApp-Image-2024-08-19-at-17.01.50-563x1000.jpeg 563w\" sizes=\"(max-width: 720px) 100vw, 720px\" \/><\/figure>\n\n\n\n<figure class=\"wp-block-image size-large\"><img decoding=\"async\" loading=\"lazy\" width=\"720\" height=\"1280\" data-id=\"3601\"  src=\"https:\/\/spangenberg-caba.infd.edu.ar\/sitio\/wp-content\/uploads\/2024\/08\/WhatsApp-Image-2024-08-19-at-17.01.24.jpeg\" alt=\"\" class=\"wp-image-3601\" srcset=\"https:\/\/spangenberg-caba.infd.edu.ar\/sitio\/wp-content\/uploads\/2024\/08\/WhatsApp-Image-2024-08-19-at-17.01.24.jpeg 720w, https:\/\/spangenberg-caba.infd.edu.ar\/sitio\/wp-content\/uploads\/2024\/08\/WhatsApp-Image-2024-08-19-at-17.01.24-563x1000.jpeg 563w\" sizes=\"(max-width: 720px) 100vw, 720px\" \/><\/figure>\n<\/figure>\n","protected":false},"excerpt":{"rendered":"<p>En el Palacio de la\u00a0Legislatura de la Ciudad de Buenos Aires, ayer y hoy, realizamos un encuentro en el que presentamos el modelo interno\u00a0del Taller ONU que funciona en nuestra escuela. Participaron estudiantes de escuelas invitadas, ex alumnos del Taller ONU y las profesoras fundadoras del taller.\u00a0 El lema del encuentro fue&nbsp;agradecer a los estudiantes &#8230; <a title=\"30 A\u00d1OS DEL TALLER ONU EN EL LENG\u00dcITAS\" class=\"read-more\" href=\"https:\/\/spangenberg-caba.infd.edu.ar\/sitio\/30-anos-del-taller-onu-en-el-lenguitas\/\" aria-label=\"More on 30 A\u00d1OS DEL TALLER ONU EN EL LENG\u00dcITAS\">[+]<\/a><\/p>\n","protected":false},"author":1749,"featured_media":0,"comment_status":"open","ping_status":"open","sticky":false,"template":"","format":"standard","meta":[],"categories":[1],"tags":[],"acf":[],"_links":{"self":[{"href":"https:\/\/spangenberg-caba.infd.edu.ar\/sitio\/wp-json\/wp\/v2\/posts\/3599"}],"collection":[{"href":"https:\/\/spangenberg-caba.infd.edu.ar\/sitio\/wp-json\/wp\/v2\/posts"}],"about":[{"href":"https:\/\/spangenberg-caba.infd.edu.ar\/sitio\/wp-json\/wp\/v2\/types\/post"}],"author":[{"embeddable":true,"href":"https:\/\/spangenberg-caba.infd.edu.ar\/sitio\/wp-json\/wp\/v2\/users\/1749"}],"replies":[{"embeddable":true,"href":"https:\/\/spangenberg-caba.infd.edu.ar\/sitio\/wp-json\/wp\/v2\/comments?post=3599"}],"version-history":[{"count":2,"href":"https:\/\/spangenberg-caba.infd.edu.ar\/sitio\/wp-json\/wp\/v2\/posts\/3599\/revisions"}],"predecessor-version":[{"id":3604,"href":"https:\/\/spangenberg-caba.infd.edu.ar\/sitio\/wp-json\/wp\/v2\/posts\/3599\/revisions\/3604"}],"wp:attachment":[{"href":"https:\/\/spangenberg-caba.infd.edu.ar\/sitio\/wp-json\/wp\/v2\/media?parent=3599"}],"wp:term":[{"taxonomy":"category","embeddable":true,"href":"https:\/\/spangenberg-caba.infd.edu.ar\/sitio\/wp-json\/wp\/v2\/categories?post=3599"},{"taxonomy":"post_tag","embeddable":true,"href":"https:\/\/spangenberg-caba.infd.edu.ar\/sitio\/wp-json\/wp\/v2\/tags?post=3599"}],"curies":[{"name":"wp","href":"https:\/\/api.w.org\/{rel}","templated":true}]}}