{"id":4173,"date":"2026-04-30T08:00:00","date_gmt":"2026-04-30T11:00:00","guid":{"rendered":"https:\/\/spangenberg-caba.infd.edu.ar\/sitio\/?p=4173"},"modified":"2026-04-30T01:50:39","modified_gmt":"2026-04-30T04:50:39","slug":"efemerides-dia-del-trabajador-y-la-trabajadora","status":"publish","type":"post","link":"https:\/\/spangenberg-caba.infd.edu.ar\/sitio\/efemerides-dia-del-trabajador-y-la-trabajadora\/","title":{"rendered":"EFEM\u00c9RIDES &#8211; D\u00cdA DEL TRABAJADOR Y LA TRABAJADORA"},"content":{"rendered":"\n<p>El 1\u00b0 de mayo es uno de nuestros feriados favoritos. Es la fecha por excelencia en la que homenajeamos a la clase social a la que pertenecemos: la de los\/as trabajadores\/as.&nbsp;<\/p>\n\n\n\n<p>Adem\u00e1s, es uno de los feriados m\u00e1s internacionales de nuestro calendario. Si dejamos de lado las celebraciones religiosas, es la \u00fanica efem\u00e9rides hist\u00f3rico\/social que se conmemora en m\u00e1s de 150 pa\u00edses. Existen 195 pa\u00edses en el mundo, en consecuencia, el d\u00eda de los\/as trabajadores\/as se celebra aproximadamente en m\u00e1s del 77% de las naciones de nuestro planeta (las cifras pueden variar seg\u00fan la consideraci\u00f3n del estatus de la celebraci\u00f3n: feriado nacional, d\u00eda no laborable, conmemoraci\u00f3n sindical, d\u00eda festivo, etc.). Un n\u00famero rotundo. Categ\u00f3rico.&nbsp;<\/p>\n\n\n\n<p>Sin embargo, a veces, la mejor puerta de entrada a los an\u00e1lisis no se encuentra en las generalidades sino en las excepciones. \u00bfQu\u00e9 pa\u00edses eligen no celebrar el d\u00eda de la clase trabajadora el primer d\u00eda del mes de mayo? Estados Unidos, Canad\u00e1, Australia y Nueva Zelanda aparecen entre los principales.&nbsp;<\/p>\n\n\n\n<p>Tomaremos hoy el caso de Estados Unidos por ser el m\u00e1s llamativo. Los hechos que dan origen a la fecha de esta conmemoraci\u00f3n ocurrieron en Chicago, en Haymarket Square, en 1886: obreros\/as en huelga reclamaban por la jornada laboral de 8 horas. Durante la manifestaci\u00f3n hubo disturbios y por esos incidentes se llev\u00f3 adelante un juicio, probadamente ileg\u00edtimo y malintencionado, en el que 5 obreros que reclamaban por sus derechos fueron condenados a muerte. La historiograf\u00eda los llam\u00f3 \u201clos m\u00e1rtires de Chicago\u201d. Que la naci\u00f3n en la que se produjeron los acontecimientos que establecieron el 1\u00b0 de mayo como el d\u00eda del\/a trabajador\/a en casi todo el planeta decida evitar conmemorarlos ese d\u00eda parece incre\u00edble. Fue el presidente Grover Cleveland quien pretendi\u00f3 eliminar de la memoria nacional yanqui al 1\u00b0 de mayo y establecer el <em>Labor Day <\/em>el primer lunes de septiembre para evitar el \u201cdesorden p\u00fablico\u201d. Pero ya lo sabemos: intentar tapar el sol con un dedo, no hace m\u00e1s que se\u00f1alarlo con m\u00e1s \u00e9nfasis.<\/p>\n\n\n\n<p>Para cerrar, vamos con las recomendaciones culturales. Son much\u00edsimas las producciones art\u00edsticas que abordan de diferentes maneras la representaci\u00f3n de la clase obrera. Empecemos:<\/p>\n\n\n\n<ul>\n<li><a href=\"https:\/\/youtu.be\/i15UCTIdfwI?si=QQkvxSMurOeBpwqD\">Tiempos modernos<\/a> (Chales Chaplin, 1936): Chaplin escribi\u00f3, dirigi\u00f3 y actu\u00f3 en esta pel\u00edcula impresionante. La f\u00e1brica, la m\u00e1quina, la alienaci\u00f3n, pero desde el humor. El paso del tiempo es inexorable y todo lenguaje envejece, pero denle una chance. Hasta los\/as m\u00e1s chicos\/as se pueden enganchar.&nbsp;<\/li>\n\n\n\n<li><a href=\"https:\/\/youtu.be\/PBLfolR-Wk4?si=dbdMKTZEC0a5X0Lj\">Gil trabajador <\/a>(Ricardo Iorio, 1991): para los\/as amantes del metal argentino. Una mirada cr\u00edtica y \u00e1cida sobre las condiciones de vida de la clase obrera. Versos como: \u201cEl tormento del vino artificial\/ y su atm\u00f3sfera parrillera\/ anestesian la conciencia com\u00fan\u201d son tan literales que duelen.&nbsp;<\/li>\n\n\n\n<li><a href=\"https:\/\/youtu.be\/KJ8Lou9IAUg?si=ruhSBtJ6FT6Dn5iG\">El arriero<\/a> (Atahualpa Yupanqui, 1944): para salir un poco de la representaci\u00f3n del\/a obrero\/a urbano, recurrimos a Yupanqui que plantea la desigualdad, la injusticia y la dureza de la vida de los\/as trabajadores\/as rurales. Algunos de los versos de esta canci\u00f3n ya son parte del refranero popular argentino: \u201cLas penas son de nosotros, las vaquitas son ajenas\u201d.<\/li>\n\n\n\n<li><a href=\"https:\/\/youtu.be\/CI41Kbupl7M?si=4amDc_cBEGhxm0ID\">Segu\u00ed mi consejo<\/a> (M\u00fasica: Salvador Merico. Letra: Eduardo Trong\u00e9, 1929): cerramos con un tango que dice todo lo contrario a lo que venimos diciendo: \u201cRechiflate del laburo\/ no trabajes pa\u2019 los ranas\/ tirate a muerto \/y vivila como la vive un bac\u00e1n\u201d. El tango busca en la iron\u00eda su forma de resistencia. Ante la explotaci\u00f3n laboral, nada de lucha sindical: dejar de trabajar es la que va. No existe mejor interpretaci\u00f3n que la de Carlos Gardel, obviamente. Para reirse un rato (y pensar).<\/li>\n<\/ul>\n\n\n\n<p>Feliz d\u00eda para quien le quepa el sayo de trabajador\/a. Soy de los que piensan que tenemos uno de los mejores trabajos del mundo: formar a nuevas generaciones para que el mundo sea cada vez un poquito mejor.<\/p>\n\n\n\n<p>\u00a1Salud!<\/p>\n","protected":false},"excerpt":{"rendered":"<p>El 1\u00b0 de mayo es uno de nuestros feriados favoritos. Es la fecha por excelencia en la que homenajeamos a la clase social a la que pertenecemos: la de los\/as trabajadores\/as.&nbsp; Adem\u00e1s, es uno de los feriados m\u00e1s internacionales de nuestro calendario. Si dejamos de lado las celebraciones religiosas, es la \u00fanica efem\u00e9rides hist\u00f3rico\/social que &#8230; <a title=\"EFEM\u00c9RIDES &#8211; D\u00cdA DEL TRABAJADOR Y LA TRABAJADORA\" class=\"read-more\" href=\"https:\/\/spangenberg-caba.infd.edu.ar\/sitio\/efemerides-dia-del-trabajador-y-la-trabajadora\/\" aria-label=\"More on EFEM\u00c9RIDES &#8211; D\u00cdA DEL TRABAJADOR Y LA TRABAJADORA\">[+]<\/a><\/p>\n","protected":false},"author":1749,"featured_media":4174,"comment_status":"open","ping_status":"open","sticky":false,"template":"","format":"standard","meta":[],"categories":[1],"tags":[55,60],"acf":[],"_links":{"self":[{"href":"https:\/\/spangenberg-caba.infd.edu.ar\/sitio\/wp-json\/wp\/v2\/posts\/4173"}],"collection":[{"href":"https:\/\/spangenberg-caba.infd.edu.ar\/sitio\/wp-json\/wp\/v2\/posts"}],"about":[{"href":"https:\/\/spangenberg-caba.infd.edu.ar\/sitio\/wp-json\/wp\/v2\/types\/post"}],"author":[{"embeddable":true,"href":"https:\/\/spangenberg-caba.infd.edu.ar\/sitio\/wp-json\/wp\/v2\/users\/1749"}],"replies":[{"embeddable":true,"href":"https:\/\/spangenberg-caba.infd.edu.ar\/sitio\/wp-json\/wp\/v2\/comments?post=4173"}],"version-history":[{"count":1,"href":"https:\/\/spangenberg-caba.infd.edu.ar\/sitio\/wp-json\/wp\/v2\/posts\/4173\/revisions"}],"predecessor-version":[{"id":4175,"href":"https:\/\/spangenberg-caba.infd.edu.ar\/sitio\/wp-json\/wp\/v2\/posts\/4173\/revisions\/4175"}],"wp:featuredmedia":[{"embeddable":true,"href":"https:\/\/spangenberg-caba.infd.edu.ar\/sitio\/wp-json\/wp\/v2\/media\/4174"}],"wp:attachment":[{"href":"https:\/\/spangenberg-caba.infd.edu.ar\/sitio\/wp-json\/wp\/v2\/media?parent=4173"}],"wp:term":[{"taxonomy":"category","embeddable":true,"href":"https:\/\/spangenberg-caba.infd.edu.ar\/sitio\/wp-json\/wp\/v2\/categories?post=4173"},{"taxonomy":"post_tag","embeddable":true,"href":"https:\/\/spangenberg-caba.infd.edu.ar\/sitio\/wp-json\/wp\/v2\/tags?post=4173"}],"curies":[{"name":"wp","href":"https:\/\/api.w.org\/{rel}","templated":true}]}}